{"id":8469,"date":"2024-12-04T09:32:07","date_gmt":"2024-12-04T09:32:07","guid":{"rendered":"https:\/\/hospitalclinicmaresme.com\/quatre-professionals-de-diferents-edats-i-procedencies-expliquen-en-primer-persona-la-seva-incorporacio-al-comb-per-la-via-no-mir\/"},"modified":"2024-12-04T09:38:24","modified_gmt":"2024-12-04T09:38:24","slug":"cuatro-profesionales-de-diferentes-edades-y-procedencias-explican-en-primera-persona-su-incorporacion-al-comb-por-la-via-no-mir","status":"publish","type":"post","link":"https:\/\/hospitalclinicmaresme.com\/es\/cuatro-profesionales-de-diferentes-edades-y-procedencias-explican-en-primera-persona-su-incorporacion-al-comb-por-la-via-no-mir\/","title":{"rendered":"Cuatro profesionales de diferentes edades y procedencias explican en primera persona su incorporaci\u00f3n al CoMB por la v\u00eda no MIR"},"content":{"rendered":"<div id='av_section_1'  class='avia-section av-p2yj3-67dde032380ee6944ef6d66eb09359cc main_color avia-section-default avia-no-border-styling  avia-builder-el-0  avia-builder-el-no-sibling  avia-bg-style-scroll container_wrap fullsize'  ><div class='container av-section-cont-open' ><main  role=\"main\" itemprop=\"mainContentOfPage\"  class='template-page content  av-content-full alpha units'><div class='post-entry post-entry-type-page post-entry-8469'><div class='entry-content-wrapper clearfix'>\n\n<style type=\"text\/css\" data-created_by=\"avia_inline_auto\" id=\"style-css-av-679ay7-7f9e6433903a5eb5cbcac610586ee730\">\n.flex_column.av-679ay7-7f9e6433903a5eb5cbcac610586ee730{\nborder-radius:0px 0px 0px 0px;\npadding:0px 0px 0px 0px;\n}\n<\/style>\n<div  class='flex_column av-679ay7-7f9e6433903a5eb5cbcac610586ee730 av_one_full  avia-builder-el-1  el_before_av_one_half  avia-builder-el-first  first flex_column_div av-zero-column-padding  '     ><section  class='av_textblock_section av-m49ou5kk-c88b37e3765852a7b9eb1459ef79436d '   itemscope=\"itemscope\" itemtype=\"https:\/\/schema.org\/BlogPosting\" itemprop=\"blogPost\" ><div class='avia_textblock'  itemprop=\"text\" ><h1 class=\"p1\" style=\"text-align: center;\"><span class=\"s1\"><b> Cuatro profesionales de diferentes edades y procedencias explican en primera persona su incorporaci\u00f3n al CoMB por la v\u00eda no MIR<\/b><\/span><\/h1>\n<\/div><\/section><\/div>\n<style type=\"text\/css\" data-created_by=\"avia_inline_auto\" id=\"style-css-av-48vnj3-7eb67af3620abc5d4ff7076d48d383ba\">\n.flex_column.av-48vnj3-7eb67af3620abc5d4ff7076d48d383ba{\nborder-radius:0px 0px 0px 0px;\npadding:0px 0px 0px 0px;\n}\n<\/style>\n<div  class='flex_column av-48vnj3-7eb67af3620abc5d4ff7076d48d383ba av_one_half  avia-builder-el-3  el_after_av_one_full  el_before_av_one_half  first flex_column_div av-zero-column-padding  column-top-margin'     ><section  class='av_textblock_section av-m49ouyv2-88275181fb9144bba97a1b281c4415e3 '   itemscope=\"itemscope\" itemtype=\"https:\/\/schema.org\/BlogPosting\" itemprop=\"blogPost\" ><div class='avia_textblock'  itemprop=\"text\" ><p>Cuatro profesionales de diferentes edades y procedencias explican en primera persona su incorporaci\u00f3n en el Colegio de M\u00e9dicos de Barcelona por la v\u00eda no MIR y sus motivaciones y experiencias en la hora de trabajar al sistema sanitario catal\u00e1n.<\/p>\n<p><strong>Lolimar Carre\u00f1o<\/strong><\/p>\n<p>Caracas, Venezuela, 1979.<\/p>\n<p><strong>A\u00f1o de colegiaci\u00f3n:<\/strong>\u00a02022.\u00a0<strong>Especialidad:<\/strong> Infectolog\u00eda pedi\u00e1trica (titulaci\u00f3n de Venezuela). <strong>Lugar de trabajo:<\/strong> Servicio de Consultas y Urgencias de Pediatr\u00eda del Hospital Cl\u00ednic Maresme.<\/p>\n<p><strong>\u00bfCu\u00e1l es la raz\u00f3n por haber llegado a Barcelona y como ha sido el camino hasta aqu\u00ed?<\/strong><\/p>\n<p>El camino para conseguir entrar al pa\u00eds y ejercer la profesi\u00f3n m\u00e9dica ha estado largo y con altibajos, puesto que se tienen que cumplir m\u00faltiples requisitos, como cualquier parte del mundo. El motivo principal de haber venido aqu\u00ed ha sido la situaci\u00f3n de mi pa\u00eds natal, que estimo, pero del cual sal\u00ed con mi marido y mi hija, que ahora tiene 11 a\u00f1os.<\/p>\n<p><strong>\u00bfC\u00f3mo te has adaptado al sistema sanitario catal\u00e1n? \u00bfC\u00f3mo es la experiencia?<\/strong><\/p>\n<p>Me he adaptado r\u00e1pidamente al sistema sanitario catal\u00e1n, porque antes de venir aqu\u00ed tambi\u00e9n hab\u00eda migrado en otro pa\u00eds durante unos cuantos a\u00f1os y ya llevaba una cultura migratoria que me facilitaba la visi\u00f3n y los procesos. La experiencia ha sido adecuada, con un tr\u00e1fico por muchas emociones, pero con el deseo y la esperanza de mantenerme de pie y brindar el mejor que pueda para sumarme al sistema.<\/p>\n<p><strong>\u00bfQu\u00e9 te ha sorprendido m\u00e1s o destacar\u00edas del ejercicio de la profesi\u00f3n aqu\u00ed?<\/strong><\/p>\n<p>Destacar\u00eda el colegio de m\u00e9dicos con que contamos: una gran organizaci\u00f3n ampliamente diligente y emp\u00e1tica. Tambi\u00e9n, a la vez, el sistema de protocolizaci\u00f3n para mejoras permanentes del sistema sanitario catal\u00e1n en general.<\/p>\n<p><strong>\u00bfQu\u00e9 expectativas profesionales tienes?<\/strong><\/p>\n<p>Mi expectativa es la posibilidad razonable de mantenerme como profesional sanitario en la provincia. Tambi\u00e9n quiero conservar mi formaci\u00f3n en el \u00e1rea de la infectolog\u00eda pedi\u00e1trica y actualmente estoy cursando un m\u00e1ster. Tambi\u00e9n estudio lengua catalana (nivel B3 en el Consorcio por la Normalizaci\u00f3n Ling\u00fc\u00edstica), que me gusta y es una herramienta fundamental a la consulta con los ni\u00f1os peque\u00f1os y con sus padres. Quiero contribuir a mantener y construir en equipo el sistema sanitario, manteniendo una salud personal y familiar integral para brindar cada d\u00eda mejor servicio y ejemplo. Me gustar\u00eda dejar una bonita impronta de los profesionales venezolanos como sanitarios \u00e9ticos. Finalmente, querr\u00eda conseguir pr\u00f3ximamente el reconocimiento de mi especialidad m\u00e9dica y hacer constar mi preparaci\u00f3n en este \u00e1mbito, que estimo y estimar\u00e9 siempre y es tan importante para la humanidad.<\/p>\n<\/div><\/section><\/div>\n<style type=\"text\/css\" data-created_by=\"avia_inline_auto\" id=\"style-css-av-2tqay7-0e26c7f62f901be341a36b9859618dca\">\n.flex_column.av-2tqay7-0e26c7f62f901be341a36b9859618dca{\nborder-radius:0px 0px 0px 0px;\npadding:0px 0px 0px 0px;\n}\n<\/style>\n<div  class='flex_column av-2tqay7-0e26c7f62f901be341a36b9859618dca av_one_half  avia-builder-el-5  el_after_av_one_half  avia-builder-el-last  flex_column_div av-zero-column-padding  column-top-margin'     ><style type=\"text\/css\" data-created_by=\"avia_inline_auto\" id=\"style-css-av-m49ovfyv-5275e5ba1d99297517e4ffbf36c17eb9\">\n.avia-image-container.av-m49ovfyv-5275e5ba1d99297517e4ffbf36c17eb9 img.avia_image{\nbox-shadow:none;\n}\n.avia-image-container.av-m49ovfyv-5275e5ba1d99297517e4ffbf36c17eb9 .av-image-caption-overlay-center{\ncolor:#ffffff;\n}\n<\/style>\n<div  class='avia-image-container av-m49ovfyv-5275e5ba1d99297517e4ffbf36c17eb9 av-styling- avia-align-center  avia-builder-el-6  avia-builder-el-no-sibling '   itemprop=\"image\" itemscope=\"itemscope\" itemtype=\"https:\/\/schema.org\/ImageObject\" ><div class=\"avia-image-container-inner\"><div class=\"avia-image-overlay-wrap\"><img decoding=\"async\" fetchpriority=\"high\" class='wp-image-8465 avia-img-lazy-loading-not-8465 avia_image ' src=\"https:\/\/hospitalclinicmaresme.com\/wp-content\/uploads\/2024\/12\/carreno-1030x1030.jpg\" alt='' title='carreno'  height=\"1030\" width=\"1030\"  itemprop=\"thumbnailUrl\" srcset=\"https:\/\/hospitalclinicmaresme.com\/wp-content\/uploads\/2024\/12\/carreno-1030x1030.jpg 1030w, https:\/\/hospitalclinicmaresme.com\/wp-content\/uploads\/2024\/12\/carreno-300x300.jpg 300w, https:\/\/hospitalclinicmaresme.com\/wp-content\/uploads\/2024\/12\/carreno-80x80.jpg 80w, https:\/\/hospitalclinicmaresme.com\/wp-content\/uploads\/2024\/12\/carreno-768x768.jpg 768w, https:\/\/hospitalclinicmaresme.com\/wp-content\/uploads\/2024\/12\/carreno-36x36.jpg 36w, https:\/\/hospitalclinicmaresme.com\/wp-content\/uploads\/2024\/12\/carreno-180x180.jpg 180w, https:\/\/hospitalclinicmaresme.com\/wp-content\/uploads\/2024\/12\/carreno-705x705.jpg 705w, https:\/\/hospitalclinicmaresme.com\/wp-content\/uploads\/2024\/12\/carreno-32x32.jpg 32w, https:\/\/hospitalclinicmaresme.com\/wp-content\/uploads\/2024\/12\/carreno-48x48.jpg 48w, https:\/\/hospitalclinicmaresme.com\/wp-content\/uploads\/2024\/12\/carreno.jpg 1365w\" sizes=\"(max-width: 1030px) 100vw, 1030px\" \/><\/div><\/div><\/div><\/div>\n","protected":false},"excerpt":{"rendered":"","protected":false},"author":3,"featured_media":8465,"comment_status":"closed","ping_status":"closed","sticky":false,"template":"","format":"standard","meta":{"footnotes":""},"categories":[94],"tags":[],"class_list":["post-8469","post","type-post","status-publish","format-standard","has-post-thumbnail","hentry","category-actualitat-es"],"yoast_head":"<!-- This site is optimized with the Yoast SEO plugin v27.5 - https:\/\/yoast.com\/product\/yoast-seo-wordpress\/ -->\n<title>Cuatro profesionales de diferentes edades y procedencias explican en primera persona su incorporaci\u00f3n al CoMB por la v\u00eda no MIR - Hospital Cl\u00ednic Maresme<\/title>\n<meta name=\"robots\" content=\"index, follow, max-snippet:-1, max-image-preview:large, max-video-preview:-1\" \/>\n<link rel=\"canonical\" href=\"https:\/\/hospitalclinicmaresme.com\/es\/cuatro-profesionales-de-diferentes-edades-y-procedencias-explican-en-primera-persona-su-incorporacion-al-comb-por-la-via-no-mir\/\" \/>\n<meta property=\"og:locale\" content=\"es_ES\" \/>\n<meta property=\"og:type\" content=\"article\" \/>\n<meta property=\"og:title\" content=\"Cuatro profesionales de diferentes edades y procedencias explican en primera persona su incorporaci\u00f3n al CoMB por la v\u00eda no MIR - Hospital Cl\u00ednic Maresme\" \/>\n<meta property=\"og:url\" content=\"https:\/\/hospitalclinicmaresme.com\/es\/cuatro-profesionales-de-diferentes-edades-y-procedencias-explican-en-primera-persona-su-incorporacion-al-comb-por-la-via-no-mir\/\" \/>\n<meta property=\"og:site_name\" content=\"Hospital Cl\u00ednic Maresme\" \/>\n<meta property=\"article:published_time\" content=\"2024-12-04T09:32:07+00:00\" \/>\n<meta property=\"article:modified_time\" content=\"2024-12-04T09:38:24+00:00\" \/>\n<meta property=\"og:image\" content=\"https:\/\/hospitalclinicmaresme.com\/wp-content\/uploads\/2024\/12\/carreno.jpg\" \/>\n\t<meta property=\"og:image:width\" content=\"1365\" \/>\n\t<meta property=\"og:image:height\" content=\"1365\" \/>\n\t<meta property=\"og:image:type\" content=\"image\/jpeg\" \/>\n<meta name=\"author\" content=\"Meritxell Mis\" \/>\n<meta name=\"twitter:card\" content=\"summary_large_image\" \/>\n<meta name=\"twitter:label1\" content=\"Escrito por\" \/>\n\t<meta name=\"twitter:data1\" content=\"Meritxell Mis\" \/>\n\t<meta name=\"twitter:label2\" content=\"Tiempo de lectura\" \/>\n\t<meta name=\"twitter:data2\" content=\"3 minutos\" \/>\n<script type=\"application\/ld+json\" class=\"yoast-schema-graph\">{\"@context\":\"https:\\\/\\\/schema.org\",\"@graph\":[{\"@type\":\"Article\",\"@id\":\"https:\\\/\\\/hospitalclinicmaresme.com\\\/es\\\/cuatro-profesionales-de-diferentes-edades-y-procedencias-explican-en-primera-persona-su-incorporacion-al-comb-por-la-via-no-mir\\\/#article\",\"isPartOf\":{\"@id\":\"https:\\\/\\\/hospitalclinicmaresme.com\\\/es\\\/cuatro-profesionales-de-diferentes-edades-y-procedencias-explican-en-primera-persona-su-incorporacion-al-comb-por-la-via-no-mir\\\/\"},\"author\":{\"name\":\"Meritxell Mis\",\"@id\":\"https:\\\/\\\/hospitalclinicmaresme.com\\\/es\\\/#\\\/schema\\\/person\\\/450d06a84adfaf5066901fd5df837db5\"},\"headline\":\"Cuatro profesionales de diferentes edades y procedencias explican en primera persona su incorporaci\u00f3n al CoMB por la v\u00eda no MIR\",\"datePublished\":\"2024-12-04T09:32:07+00:00\",\"dateModified\":\"2024-12-04T09:38:24+00:00\",\"mainEntityOfPage\":{\"@id\":\"https:\\\/\\\/hospitalclinicmaresme.com\\\/es\\\/cuatro-profesionales-de-diferentes-edades-y-procedencias-explican-en-primera-persona-su-incorporacion-al-comb-por-la-via-no-mir\\\/\"},\"wordCount\":1321,\"image\":{\"@id\":\"https:\\\/\\\/hospitalclinicmaresme.com\\\/es\\\/cuatro-profesionales-de-diferentes-edades-y-procedencias-explican-en-primera-persona-su-incorporacion-al-comb-por-la-via-no-mir\\\/#primaryimage\"},\"thumbnailUrl\":\"https:\\\/\\\/hospitalclinicmaresme.com\\\/wp-content\\\/uploads\\\/2024\\\/12\\\/carreno.jpg\",\"articleSection\":[\"Actualitat\"],\"inLanguage\":\"es\"},{\"@type\":\"WebPage\",\"@id\":\"https:\\\/\\\/hospitalclinicmaresme.com\\\/es\\\/cuatro-profesionales-de-diferentes-edades-y-procedencias-explican-en-primera-persona-su-incorporacion-al-comb-por-la-via-no-mir\\\/\",\"url\":\"https:\\\/\\\/hospitalclinicmaresme.com\\\/es\\\/cuatro-profesionales-de-diferentes-edades-y-procedencias-explican-en-primera-persona-su-incorporacion-al-comb-por-la-via-no-mir\\\/\",\"name\":\"Cuatro profesionales de diferentes edades y procedencias explican en primera persona su incorporaci\u00f3n al CoMB por la v\u00eda no MIR - Hospital Cl\u00ednic Maresme\",\"isPartOf\":{\"@id\":\"https:\\\/\\\/hospitalclinicmaresme.com\\\/es\\\/#website\"},\"primaryImageOfPage\":{\"@id\":\"https:\\\/\\\/hospitalclinicmaresme.com\\\/es\\\/cuatro-profesionales-de-diferentes-edades-y-procedencias-explican-en-primera-persona-su-incorporacion-al-comb-por-la-via-no-mir\\\/#primaryimage\"},\"image\":{\"@id\":\"https:\\\/\\\/hospitalclinicmaresme.com\\\/es\\\/cuatro-profesionales-de-diferentes-edades-y-procedencias-explican-en-primera-persona-su-incorporacion-al-comb-por-la-via-no-mir\\\/#primaryimage\"},\"thumbnailUrl\":\"https:\\\/\\\/hospitalclinicmaresme.com\\\/wp-content\\\/uploads\\\/2024\\\/12\\\/carreno.jpg\",\"datePublished\":\"2024-12-04T09:32:07+00:00\",\"dateModified\":\"2024-12-04T09:38:24+00:00\",\"author\":{\"@id\":\"https:\\\/\\\/hospitalclinicmaresme.com\\\/es\\\/#\\\/schema\\\/person\\\/450d06a84adfaf5066901fd5df837db5\"},\"breadcrumb\":{\"@id\":\"https:\\\/\\\/hospitalclinicmaresme.com\\\/es\\\/cuatro-profesionales-de-diferentes-edades-y-procedencias-explican-en-primera-persona-su-incorporacion-al-comb-por-la-via-no-mir\\\/#breadcrumb\"},\"inLanguage\":\"es\",\"potentialAction\":[{\"@type\":\"ReadAction\",\"target\":[\"https:\\\/\\\/hospitalclinicmaresme.com\\\/es\\\/cuatro-profesionales-de-diferentes-edades-y-procedencias-explican-en-primera-persona-su-incorporacion-al-comb-por-la-via-no-mir\\\/\"]}]},{\"@type\":\"ImageObject\",\"inLanguage\":\"es\",\"@id\":\"https:\\\/\\\/hospitalclinicmaresme.com\\\/es\\\/cuatro-profesionales-de-diferentes-edades-y-procedencias-explican-en-primera-persona-su-incorporacion-al-comb-por-la-via-no-mir\\\/#primaryimage\",\"url\":\"https:\\\/\\\/hospitalclinicmaresme.com\\\/wp-content\\\/uploads\\\/2024\\\/12\\\/carreno.jpg\",\"contentUrl\":\"https:\\\/\\\/hospitalclinicmaresme.com\\\/wp-content\\\/uploads\\\/2024\\\/12\\\/carreno.jpg\",\"width\":1365,\"height\":1365},{\"@type\":\"BreadcrumbList\",\"@id\":\"https:\\\/\\\/hospitalclinicmaresme.com\\\/es\\\/cuatro-profesionales-de-diferentes-edades-y-procedencias-explican-en-primera-persona-su-incorporacion-al-comb-por-la-via-no-mir\\\/#breadcrumb\",\"itemListElement\":[{\"@type\":\"ListItem\",\"position\":1,\"name\":\"Inici\",\"item\":\"https:\\\/\\\/hospitalclinicmaresme.com\\\/es\\\/inicio\\\/\"},{\"@type\":\"ListItem\",\"position\":2,\"name\":\"Cuatro profesionales de diferentes edades y procedencias explican en primera persona su incorporaci\u00f3n al CoMB por la v\u00eda no MIR\"}]},{\"@type\":\"WebSite\",\"@id\":\"https:\\\/\\\/hospitalclinicmaresme.com\\\/es\\\/#website\",\"url\":\"https:\\\/\\\/hospitalclinicmaresme.com\\\/es\\\/\",\"name\":\"Hospital Cl\u00ednic Maresme\",\"description\":\"Just another WordPress site\",\"potentialAction\":[{\"@type\":\"SearchAction\",\"target\":{\"@type\":\"EntryPoint\",\"urlTemplate\":\"https:\\\/\\\/hospitalclinicmaresme.com\\\/es\\\/?s={search_term_string}\"},\"query-input\":{\"@type\":\"PropertyValueSpecification\",\"valueRequired\":true,\"valueName\":\"search_term_string\"}}],\"inLanguage\":\"es\"},{\"@type\":\"Person\",\"@id\":\"https:\\\/\\\/hospitalclinicmaresme.com\\\/es\\\/#\\\/schema\\\/person\\\/450d06a84adfaf5066901fd5df837db5\",\"name\":\"Meritxell Mis\",\"image\":{\"@type\":\"ImageObject\",\"inLanguage\":\"es\",\"@id\":\"https:\\\/\\\/secure.gravatar.com\\\/avatar\\\/83ad96b303785e45cf7dd536eead474a588b8d4edd93bd665c78f4a3ce2b8e87?s=96&d=mm&r=g\",\"url\":\"https:\\\/\\\/secure.gravatar.com\\\/avatar\\\/83ad96b303785e45cf7dd536eead474a588b8d4edd93bd665c78f4a3ce2b8e87?s=96&d=mm&r=g\",\"contentUrl\":\"https:\\\/\\\/secure.gravatar.com\\\/avatar\\\/83ad96b303785e45cf7dd536eead474a588b8d4edd93bd665c78f4a3ce2b8e87?s=96&d=mm&r=g\",\"caption\":\"Meritxell Mis\"},\"url\":\"https:\\\/\\\/hospitalclinicmaresme.com\\\/es\\\/author\\\/h2o\\\/\"}]}<\/script>\n<!-- \/ Yoast SEO plugin. -->","yoast_head_json":{"title":"Cuatro profesionales de diferentes edades y procedencias explican en primera persona su incorporaci\u00f3n al CoMB por la v\u00eda no MIR - Hospital Cl\u00ednic Maresme","robots":{"index":"index","follow":"follow","max-snippet":"max-snippet:-1","max-image-preview":"max-image-preview:large","max-video-preview":"max-video-preview:-1"},"canonical":"https:\/\/hospitalclinicmaresme.com\/es\/cuatro-profesionales-de-diferentes-edades-y-procedencias-explican-en-primera-persona-su-incorporacion-al-comb-por-la-via-no-mir\/","og_locale":"es_ES","og_type":"article","og_title":"Cuatro profesionales de diferentes edades y procedencias explican en primera persona su incorporaci\u00f3n al CoMB por la v\u00eda no MIR - Hospital Cl\u00ednic Maresme","og_url":"https:\/\/hospitalclinicmaresme.com\/es\/cuatro-profesionales-de-diferentes-edades-y-procedencias-explican-en-primera-persona-su-incorporacion-al-comb-por-la-via-no-mir\/","og_site_name":"Hospital Cl\u00ednic Maresme","article_published_time":"2024-12-04T09:32:07+00:00","article_modified_time":"2024-12-04T09:38:24+00:00","og_image":[{"width":1365,"height":1365,"url":"https:\/\/hospitalclinicmaresme.com\/wp-content\/uploads\/2024\/12\/carreno.jpg","type":"image\/jpeg"}],"author":"Meritxell Mis","twitter_card":"summary_large_image","twitter_misc":{"Escrito por":"Meritxell Mis","Tiempo de lectura":"3 minutos"},"schema":{"@context":"https:\/\/schema.org","@graph":[{"@type":"Article","@id":"https:\/\/hospitalclinicmaresme.com\/es\/cuatro-profesionales-de-diferentes-edades-y-procedencias-explican-en-primera-persona-su-incorporacion-al-comb-por-la-via-no-mir\/#article","isPartOf":{"@id":"https:\/\/hospitalclinicmaresme.com\/es\/cuatro-profesionales-de-diferentes-edades-y-procedencias-explican-en-primera-persona-su-incorporacion-al-comb-por-la-via-no-mir\/"},"author":{"name":"Meritxell Mis","@id":"https:\/\/hospitalclinicmaresme.com\/es\/#\/schema\/person\/450d06a84adfaf5066901fd5df837db5"},"headline":"Cuatro profesionales de diferentes edades y procedencias explican en primera persona su incorporaci\u00f3n al CoMB por la v\u00eda no MIR","datePublished":"2024-12-04T09:32:07+00:00","dateModified":"2024-12-04T09:38:24+00:00","mainEntityOfPage":{"@id":"https:\/\/hospitalclinicmaresme.com\/es\/cuatro-profesionales-de-diferentes-edades-y-procedencias-explican-en-primera-persona-su-incorporacion-al-comb-por-la-via-no-mir\/"},"wordCount":1321,"image":{"@id":"https:\/\/hospitalclinicmaresme.com\/es\/cuatro-profesionales-de-diferentes-edades-y-procedencias-explican-en-primera-persona-su-incorporacion-al-comb-por-la-via-no-mir\/#primaryimage"},"thumbnailUrl":"https:\/\/hospitalclinicmaresme.com\/wp-content\/uploads\/2024\/12\/carreno.jpg","articleSection":["Actualitat"],"inLanguage":"es"},{"@type":"WebPage","@id":"https:\/\/hospitalclinicmaresme.com\/es\/cuatro-profesionales-de-diferentes-edades-y-procedencias-explican-en-primera-persona-su-incorporacion-al-comb-por-la-via-no-mir\/","url":"https:\/\/hospitalclinicmaresme.com\/es\/cuatro-profesionales-de-diferentes-edades-y-procedencias-explican-en-primera-persona-su-incorporacion-al-comb-por-la-via-no-mir\/","name":"Cuatro profesionales de diferentes edades y procedencias explican en primera persona su incorporaci\u00f3n al CoMB por la v\u00eda no MIR - Hospital Cl\u00ednic Maresme","isPartOf":{"@id":"https:\/\/hospitalclinicmaresme.com\/es\/#website"},"primaryImageOfPage":{"@id":"https:\/\/hospitalclinicmaresme.com\/es\/cuatro-profesionales-de-diferentes-edades-y-procedencias-explican-en-primera-persona-su-incorporacion-al-comb-por-la-via-no-mir\/#primaryimage"},"image":{"@id":"https:\/\/hospitalclinicmaresme.com\/es\/cuatro-profesionales-de-diferentes-edades-y-procedencias-explican-en-primera-persona-su-incorporacion-al-comb-por-la-via-no-mir\/#primaryimage"},"thumbnailUrl":"https:\/\/hospitalclinicmaresme.com\/wp-content\/uploads\/2024\/12\/carreno.jpg","datePublished":"2024-12-04T09:32:07+00:00","dateModified":"2024-12-04T09:38:24+00:00","author":{"@id":"https:\/\/hospitalclinicmaresme.com\/es\/#\/schema\/person\/450d06a84adfaf5066901fd5df837db5"},"breadcrumb":{"@id":"https:\/\/hospitalclinicmaresme.com\/es\/cuatro-profesionales-de-diferentes-edades-y-procedencias-explican-en-primera-persona-su-incorporacion-al-comb-por-la-via-no-mir\/#breadcrumb"},"inLanguage":"es","potentialAction":[{"@type":"ReadAction","target":["https:\/\/hospitalclinicmaresme.com\/es\/cuatro-profesionales-de-diferentes-edades-y-procedencias-explican-en-primera-persona-su-incorporacion-al-comb-por-la-via-no-mir\/"]}]},{"@type":"ImageObject","inLanguage":"es","@id":"https:\/\/hospitalclinicmaresme.com\/es\/cuatro-profesionales-de-diferentes-edades-y-procedencias-explican-en-primera-persona-su-incorporacion-al-comb-por-la-via-no-mir\/#primaryimage","url":"https:\/\/hospitalclinicmaresme.com\/wp-content\/uploads\/2024\/12\/carreno.jpg","contentUrl":"https:\/\/hospitalclinicmaresme.com\/wp-content\/uploads\/2024\/12\/carreno.jpg","width":1365,"height":1365},{"@type":"BreadcrumbList","@id":"https:\/\/hospitalclinicmaresme.com\/es\/cuatro-profesionales-de-diferentes-edades-y-procedencias-explican-en-primera-persona-su-incorporacion-al-comb-por-la-via-no-mir\/#breadcrumb","itemListElement":[{"@type":"ListItem","position":1,"name":"Inici","item":"https:\/\/hospitalclinicmaresme.com\/es\/inicio\/"},{"@type":"ListItem","position":2,"name":"Cuatro profesionales de diferentes edades y procedencias explican en primera persona su incorporaci\u00f3n al CoMB por la v\u00eda no MIR"}]},{"@type":"WebSite","@id":"https:\/\/hospitalclinicmaresme.com\/es\/#website","url":"https:\/\/hospitalclinicmaresme.com\/es\/","name":"Hospital Cl\u00ednic Maresme","description":"Just another WordPress site","potentialAction":[{"@type":"SearchAction","target":{"@type":"EntryPoint","urlTemplate":"https:\/\/hospitalclinicmaresme.com\/es\/?s={search_term_string}"},"query-input":{"@type":"PropertyValueSpecification","valueRequired":true,"valueName":"search_term_string"}}],"inLanguage":"es"},{"@type":"Person","@id":"https:\/\/hospitalclinicmaresme.com\/es\/#\/schema\/person\/450d06a84adfaf5066901fd5df837db5","name":"Meritxell Mis","image":{"@type":"ImageObject","inLanguage":"es","@id":"https:\/\/secure.gravatar.com\/avatar\/83ad96b303785e45cf7dd536eead474a588b8d4edd93bd665c78f4a3ce2b8e87?s=96&d=mm&r=g","url":"https:\/\/secure.gravatar.com\/avatar\/83ad96b303785e45cf7dd536eead474a588b8d4edd93bd665c78f4a3ce2b8e87?s=96&d=mm&r=g","contentUrl":"https:\/\/secure.gravatar.com\/avatar\/83ad96b303785e45cf7dd536eead474a588b8d4edd93bd665c78f4a3ce2b8e87?s=96&d=mm&r=g","caption":"Meritxell Mis"},"url":"https:\/\/hospitalclinicmaresme.com\/es\/author\/h2o\/"}]}},"_links":{"self":[{"href":"https:\/\/hospitalclinicmaresme.com\/es\/wp-json\/wp\/v2\/posts\/8469","targetHints":{"allow":["GET"]}}],"collection":[{"href":"https:\/\/hospitalclinicmaresme.com\/es\/wp-json\/wp\/v2\/posts"}],"about":[{"href":"https:\/\/hospitalclinicmaresme.com\/es\/wp-json\/wp\/v2\/types\/post"}],"author":[{"embeddable":true,"href":"https:\/\/hospitalclinicmaresme.com\/es\/wp-json\/wp\/v2\/users\/3"}],"replies":[{"embeddable":true,"href":"https:\/\/hospitalclinicmaresme.com\/es\/wp-json\/wp\/v2\/comments?post=8469"}],"version-history":[{"count":0,"href":"https:\/\/hospitalclinicmaresme.com\/es\/wp-json\/wp\/v2\/posts\/8469\/revisions"}],"wp:featuredmedia":[{"embeddable":true,"href":"https:\/\/hospitalclinicmaresme.com\/es\/wp-json\/wp\/v2\/media\/8465"}],"wp:attachment":[{"href":"https:\/\/hospitalclinicmaresme.com\/es\/wp-json\/wp\/v2\/media?parent=8469"}],"wp:term":[{"taxonomy":"category","embeddable":true,"href":"https:\/\/hospitalclinicmaresme.com\/es\/wp-json\/wp\/v2\/categories?post=8469"},{"taxonomy":"post_tag","embeddable":true,"href":"https:\/\/hospitalclinicmaresme.com\/es\/wp-json\/wp\/v2\/tags?post=8469"}],"curies":[{"name":"wp","href":"https:\/\/api.w.org\/{rel}","templated":true}]}}