{"id":7059,"date":"2024-02-28T09:08:00","date_gmt":"2024-02-28T09:08:00","guid":{"rendered":"https:\/\/hospitalclinicmaresme.com\/primera-cirurgia-dosteointegracio-realitzada-al-maresme-pel-grup-creu-groga\/"},"modified":"2024-03-01T11:16:32","modified_gmt":"2024-03-01T11:16:32","slug":"primera-cirugia-de-osteointegracion-realizada-en-el-maresme-por-el-grupo-creu-groga","status":"publish","type":"post","link":"https:\/\/hospitalclinicmaresme.com\/es\/primera-cirugia-de-osteointegracion-realizada-en-el-maresme-por-el-grupo-creu-groga\/","title":{"rendered":"Primera cirug\u00eda de Osteointegraci\u00f3n realizada en el Maresme por el Grupo Creu Groga"},"content":{"rendered":"<div id='av_section_1'  class='avia-section av-pk2q5-694ee60ca8d8f1c5751ba50c3e1dcc83 main_color avia-section-default avia-no-border-styling  avia-builder-el-0  avia-builder-el-no-sibling  avia-bg-style-scroll container_wrap fullsize'  ><div class='container av-section-cont-open' ><main  role=\"main\" itemprop=\"mainContentOfPage\"  class='template-page content  av-content-full alpha units'><div class='post-entry post-entry-type-page post-entry-7059'><div class='entry-content-wrapper clearfix'>\n\n<style type=\"text\/css\" data-created_by=\"avia_inline_auto\" id=\"style-css-av-5j75b1-294d090c32618bd5d1c5f7351a4d501f\">\n.flex_column.av-5j75b1-294d090c32618bd5d1c5f7351a4d501f{\nborder-radius:0px 0px 0px 0px;\npadding:0px 0px 0px 0px;\n}\n<\/style>\n<div  class='flex_column av-5j75b1-294d090c32618bd5d1c5f7351a4d501f av_one_full  avia-builder-el-1  el_before_av_one_half  avia-builder-el-first  first flex_column_div av-zero-column-padding  '     ><section  class='av_textblock_section av-lt5kfcq2-36dc3518e1eedd3457047116e36e1e33 '   itemscope=\"itemscope\" itemtype=\"https:\/\/schema.org\/BlogPosting\" itemprop=\"blogPost\" ><div class='avia_textblock'  itemprop=\"text\" ><h1 class=\"p1\" style=\"text-align: center;\"><span class=\"s1\"><b> Primera cirug\u00eda de Osteointegraci\u00f3n realizada en el Maresme por el Grupo Creu Groga<\/b><\/span><\/h1>\n<\/div><\/section><\/div>\n<style type=\"text\/css\" data-created_by=\"avia_inline_auto\" id=\"style-css-av-4c9sl9-106a4718a5c9658661edaceae7745f69\">\n.flex_column.av-4c9sl9-106a4718a5c9658661edaceae7745f69{\nborder-radius:0px 0px 0px 0px;\npadding:0px 0px 0px 0px;\n}\n<\/style>\n<div  class='flex_column av-4c9sl9-106a4718a5c9658661edaceae7745f69 av_one_half  avia-builder-el-3  el_after_av_one_full  el_before_av_one_half  first flex_column_div av-zero-column-padding  column-top-margin'     ><section  class='av_textblock_section av-lt5kfria-f77d94dd878c2379367dfdfcffb461b7 '   itemscope=\"itemscope\" itemtype=\"https:\/\/schema.org\/BlogPosting\" itemprop=\"blogPost\" ><div class='avia_textblock'  itemprop=\"text\" ><blockquote>\n<p><strong>El pr\u00f3ximo 5 de marzo a los quir\u00f3fanos del Hospital Cl\u00ednico Maresme del Grupo Creu Groga, se llevar\u00e1 a cabo por primera vez una cirug\u00eda de Osteointegraci\u00f3n en un paciente amputado a nivel de muslo con un m\u00e9todo dise\u00f1ado en el Maresme, fruto de la innovaci\u00f3n local y \u00fanico en todo el estado espa\u00f1ol.<\/strong><\/p>\n<\/blockquote>\n<div class=\"traductor-textarea form-group\">\n<div class=\"textarea-desti col-xs-12 col-sm-6\">\n<div class=\"form-control second-textarea\">\n<div class=\"traductor-textarea form-group\">\n<div class=\"textarea-desti col-xs-12 col-sm-6\">\n<div class=\"form-control second-textarea\">\n<p>Este implante hecho a medida, permite a los pacientes amputados que tienen problemas con la ensambladura, no tenerlo que utilizar nunca m\u00e1s. A trav\u00e9s de este sistema, se coloca un pin de titanio en el interior del f\u00e9mur residual del paciente, que permite la conexi\u00f3n directa a la pr\u00f3tesis sin la ensambladura.<\/p>\n<p>Actualmente, y fruto de la continua innovaci\u00f3n del mismo equipo que particip\u00f3 en este dise\u00f1o, ya es posible colocarlo en mu\u00f1ones cortos, hecho que hasta ahora estaba contraindicado, mejorando tambi\u00e9n en estos casos la calidad de vida de los pacientes amputados a nivel femoral con poca tolerancia a la ensambladura de la pr\u00f3tesis.<\/p>\n<p>El equipo m\u00e9dico que realizar\u00e1 la intervenci\u00f3n est\u00e1 formado por los doctores del equipo de Osteointegraci\u00f3n:<\/p>\n<p>&#8211; Dr Jes\u00fas Al\u00f3s (Cirujano Vascular)<\/p>\n<p>&#8211; Dr.\u00a0Lluis\u00a0Guirao (M\u00e9dico Rehabilitador)<\/p>\n<p>&#8211; Dr. Rafael\u00a0Tibau\u00a0(Cirujano Ortop\u00e9dico)<\/p>\n<p>Acompa\u00f1ados de la Dra. Maria\u00a0Tibau, que tiene experiencia amplia en claves cerrojos.<\/p>\n<p>El Grupo Creu Groga apuesta con firmeza por la innovaci\u00f3n y la formaci\u00f3n de sus profesionales, apoyando a iniciativas m\u00e9dicas que contribuyen a mejorar la vida de nuestros pacientes.<\/p>\n<\/div>\n<\/div>\n<\/div>\n<\/div>\n<\/div>\n<\/div>\n<p>Matar\u00f3 febrero 2024<\/p>\n<\/div><\/section><\/div>\n<style type=\"text\/css\" data-created_by=\"avia_inline_auto\" id=\"style-css-av-av_one_half-7984035d50f0055e2d8c0f71fa3ebd04\">\n.flex_column.av-av_one_half-7984035d50f0055e2d8c0f71fa3ebd04{\nborder-radius:0px 0px 0px 0px;\npadding:0px 0px 0px 0px;\n}\n<\/style>\n<div  class='flex_column av-av_one_half-7984035d50f0055e2d8c0f71fa3ebd04 av_one_half  avia-builder-el-5  el_after_av_one_half  avia-builder-el-last  flex_column_div av-zero-column-padding  column-top-margin'     ><style type=\"text\/css\" data-created_by=\"avia_inline_auto\" id=\"style-css-av-lt8irsjn-9b72d6233ba908c3f12dd4f4ed2486b0\">\n.avia-image-container.av-lt8irsjn-9b72d6233ba908c3f12dd4f4ed2486b0 img.avia_image{\nbox-shadow:none;\n}\n.avia-image-container.av-lt8irsjn-9b72d6233ba908c3f12dd4f4ed2486b0 .av-image-caption-overlay-center{\ncolor:#ffffff;\n}\n<\/style>\n<div  class='avia-image-container av-lt8irsjn-9b72d6233ba908c3f12dd4f4ed2486b0 av-styling- avia-align-center  avia-builder-el-6  avia-builder-el-no-sibling '   itemprop=\"image\" itemscope=\"itemscope\" itemtype=\"https:\/\/schema.org\/ImageObject\" ><div class=\"avia-image-container-inner\"><div class=\"avia-image-overlay-wrap\"><img decoding=\"async\" fetchpriority=\"high\" class='wp-image-7079 avia-img-lazy-loading-not-7079 avia_image ' src=\"https:\/\/hospitalclinicmaresme.com\/wp-content\/uploads\/2024\/02\/FACANA-HOSPITAL-scaled.jpg\" alt='' title='FAC\u0327ANA HOSPITAL'  height=\"1435\" width=\"2560\"  itemprop=\"thumbnailUrl\" srcset=\"https:\/\/hospitalclinicmaresme.com\/wp-content\/uploads\/2024\/02\/FACANA-HOSPITAL-scaled.jpg 2560w, https:\/\/hospitalclinicmaresme.com\/wp-content\/uploads\/2024\/02\/FACANA-HOSPITAL-300x168.jpg 300w, https:\/\/hospitalclinicmaresme.com\/wp-content\/uploads\/2024\/02\/FACANA-HOSPITAL-1030x577.jpg 1030w, https:\/\/hospitalclinicmaresme.com\/wp-content\/uploads\/2024\/02\/FACANA-HOSPITAL-768x430.jpg 768w, https:\/\/hospitalclinicmaresme.com\/wp-content\/uploads\/2024\/02\/FACANA-HOSPITAL-1536x861.jpg 1536w, https:\/\/hospitalclinicmaresme.com\/wp-content\/uploads\/2024\/02\/FACANA-HOSPITAL-2048x1148.jpg 2048w, https:\/\/hospitalclinicmaresme.com\/wp-content\/uploads\/2024\/02\/FACANA-HOSPITAL-1500x841.jpg 1500w, https:\/\/hospitalclinicmaresme.com\/wp-content\/uploads\/2024\/02\/FACANA-HOSPITAL-705x395.jpg 705w, https:\/\/hospitalclinicmaresme.com\/wp-content\/uploads\/2024\/02\/FACANA-HOSPITAL-240x135.jpg 240w\" sizes=\"(max-width: 2560px) 100vw, 2560px\" \/><\/div><\/div><\/div><\/div>\n","protected":false},"excerpt":{"rendered":"","protected":false},"author":3,"featured_media":7079,"comment_status":"open","ping_status":"closed","sticky":false,"template":"","format":"standard","meta":{"footnotes":""},"categories":[94],"tags":[],"class_list":["post-7059","post","type-post","status-publish","format-standard","has-post-thumbnail","hentry","category-actualitat-es"],"yoast_head":"<!-- This site is optimized with the Yoast SEO plugin v27.5 - https:\/\/yoast.com\/product\/yoast-seo-wordpress\/ -->\n<title>Primera cirug\u00eda de Osteointegraci\u00f3n realizada en el Maresme por el Grupo Creu Groga - Hospital Cl\u00ednic Maresme<\/title>\n<meta name=\"robots\" content=\"index, follow, max-snippet:-1, max-image-preview:large, max-video-preview:-1\" \/>\n<link rel=\"canonical\" href=\"https:\/\/hospitalclinicmaresme.com\/es\/primera-cirugia-de-osteointegracion-realizada-en-el-maresme-por-el-grupo-creu-groga\/\" \/>\n<meta property=\"og:locale\" content=\"es_ES\" \/>\n<meta property=\"og:type\" content=\"article\" \/>\n<meta property=\"og:title\" content=\"Primera cirug\u00eda de Osteointegraci\u00f3n realizada en el Maresme por el Grupo Creu Groga - Hospital Cl\u00ednic Maresme\" \/>\n<meta property=\"og:url\" content=\"https:\/\/hospitalclinicmaresme.com\/es\/primera-cirugia-de-osteointegracion-realizada-en-el-maresme-por-el-grupo-creu-groga\/\" \/>\n<meta property=\"og:site_name\" content=\"Hospital Cl\u00ednic Maresme\" \/>\n<meta property=\"article:published_time\" content=\"2024-02-28T09:08:00+00:00\" \/>\n<meta property=\"article:modified_time\" content=\"2024-03-01T11:16:32+00:00\" \/>\n<meta property=\"og:image\" content=\"https:\/\/hospitalclinicmaresme.com\/wp-content\/uploads\/2024\/02\/FACANA-HOSPITAL-scaled.jpg\" \/>\n\t<meta property=\"og:image:width\" content=\"2560\" \/>\n\t<meta property=\"og:image:height\" content=\"1435\" \/>\n\t<meta property=\"og:image:type\" content=\"image\/jpeg\" \/>\n<meta name=\"author\" content=\"Meritxell Mis\" \/>\n<meta name=\"twitter:card\" content=\"summary_large_image\" \/>\n<meta name=\"twitter:label1\" content=\"Escrito por\" \/>\n\t<meta name=\"twitter:data1\" content=\"Meritxell Mis\" \/>\n\t<meta name=\"twitter:label2\" content=\"Tiempo de lectura\" \/>\n\t<meta name=\"twitter:data2\" content=\"2 minutos\" \/>\n<script type=\"application\/ld+json\" class=\"yoast-schema-graph\">{\"@context\":\"https:\\\/\\\/schema.org\",\"@graph\":[{\"@type\":\"Article\",\"@id\":\"https:\\\/\\\/hospitalclinicmaresme.com\\\/es\\\/primera-cirugia-de-osteointegracion-realizada-en-el-maresme-por-el-grupo-creu-groga\\\/#article\",\"isPartOf\":{\"@id\":\"https:\\\/\\\/hospitalclinicmaresme.com\\\/es\\\/primera-cirugia-de-osteointegracion-realizada-en-el-maresme-por-el-grupo-creu-groga\\\/\"},\"author\":{\"name\":\"Meritxell Mis\",\"@id\":\"https:\\\/\\\/hospitalclinicmaresme.com\\\/es\\\/#\\\/schema\\\/person\\\/450d06a84adfaf5066901fd5df837db5\"},\"headline\":\"Primera cirug\u00eda de Osteointegraci\u00f3n realizada en el Maresme por el Grupo Creu Groga\",\"datePublished\":\"2024-02-28T09:08:00+00:00\",\"dateModified\":\"2024-03-01T11:16:32+00:00\",\"mainEntityOfPage\":{\"@id\":\"https:\\\/\\\/hospitalclinicmaresme.com\\\/es\\\/primera-cirugia-de-osteointegracion-realizada-en-el-maresme-por-el-grupo-creu-groga\\\/\"},\"wordCount\":1101,\"commentCount\":0,\"image\":{\"@id\":\"https:\\\/\\\/hospitalclinicmaresme.com\\\/es\\\/primera-cirugia-de-osteointegracion-realizada-en-el-maresme-por-el-grupo-creu-groga\\\/#primaryimage\"},\"thumbnailUrl\":\"https:\\\/\\\/hospitalclinicmaresme.com\\\/wp-content\\\/uploads\\\/2024\\\/02\\\/FACANA-HOSPITAL-scaled.jpg\",\"articleSection\":[\"Actualitat\"],\"inLanguage\":\"es\",\"potentialAction\":[{\"@type\":\"CommentAction\",\"name\":\"Comment\",\"target\":[\"https:\\\/\\\/hospitalclinicmaresme.com\\\/es\\\/primera-cirugia-de-osteointegracion-realizada-en-el-maresme-por-el-grupo-creu-groga\\\/#respond\"]}]},{\"@type\":\"WebPage\",\"@id\":\"https:\\\/\\\/hospitalclinicmaresme.com\\\/es\\\/primera-cirugia-de-osteointegracion-realizada-en-el-maresme-por-el-grupo-creu-groga\\\/\",\"url\":\"https:\\\/\\\/hospitalclinicmaresme.com\\\/es\\\/primera-cirugia-de-osteointegracion-realizada-en-el-maresme-por-el-grupo-creu-groga\\\/\",\"name\":\"Primera cirug\u00eda de Osteointegraci\u00f3n realizada en el Maresme por el Grupo Creu Groga - Hospital Cl\u00ednic Maresme\",\"isPartOf\":{\"@id\":\"https:\\\/\\\/hospitalclinicmaresme.com\\\/es\\\/#website\"},\"primaryImageOfPage\":{\"@id\":\"https:\\\/\\\/hospitalclinicmaresme.com\\\/es\\\/primera-cirugia-de-osteointegracion-realizada-en-el-maresme-por-el-grupo-creu-groga\\\/#primaryimage\"},\"image\":{\"@id\":\"https:\\\/\\\/hospitalclinicmaresme.com\\\/es\\\/primera-cirugia-de-osteointegracion-realizada-en-el-maresme-por-el-grupo-creu-groga\\\/#primaryimage\"},\"thumbnailUrl\":\"https:\\\/\\\/hospitalclinicmaresme.com\\\/wp-content\\\/uploads\\\/2024\\\/02\\\/FACANA-HOSPITAL-scaled.jpg\",\"datePublished\":\"2024-02-28T09:08:00+00:00\",\"dateModified\":\"2024-03-01T11:16:32+00:00\",\"author\":{\"@id\":\"https:\\\/\\\/hospitalclinicmaresme.com\\\/es\\\/#\\\/schema\\\/person\\\/450d06a84adfaf5066901fd5df837db5\"},\"breadcrumb\":{\"@id\":\"https:\\\/\\\/hospitalclinicmaresme.com\\\/es\\\/primera-cirugia-de-osteointegracion-realizada-en-el-maresme-por-el-grupo-creu-groga\\\/#breadcrumb\"},\"inLanguage\":\"es\",\"potentialAction\":[{\"@type\":\"ReadAction\",\"target\":[\"https:\\\/\\\/hospitalclinicmaresme.com\\\/es\\\/primera-cirugia-de-osteointegracion-realizada-en-el-maresme-por-el-grupo-creu-groga\\\/\"]}]},{\"@type\":\"ImageObject\",\"inLanguage\":\"es\",\"@id\":\"https:\\\/\\\/hospitalclinicmaresme.com\\\/es\\\/primera-cirugia-de-osteointegracion-realizada-en-el-maresme-por-el-grupo-creu-groga\\\/#primaryimage\",\"url\":\"https:\\\/\\\/hospitalclinicmaresme.com\\\/wp-content\\\/uploads\\\/2024\\\/02\\\/FACANA-HOSPITAL-scaled.jpg\",\"contentUrl\":\"https:\\\/\\\/hospitalclinicmaresme.com\\\/wp-content\\\/uploads\\\/2024\\\/02\\\/FACANA-HOSPITAL-scaled.jpg\",\"width\":2560,\"height\":1435},{\"@type\":\"BreadcrumbList\",\"@id\":\"https:\\\/\\\/hospitalclinicmaresme.com\\\/es\\\/primera-cirugia-de-osteointegracion-realizada-en-el-maresme-por-el-grupo-creu-groga\\\/#breadcrumb\",\"itemListElement\":[{\"@type\":\"ListItem\",\"position\":1,\"name\":\"Inici\",\"item\":\"https:\\\/\\\/hospitalclinicmaresme.com\\\/es\\\/inicio\\\/\"},{\"@type\":\"ListItem\",\"position\":2,\"name\":\"Primera cirug\u00eda de Osteointegraci\u00f3n realizada en el Maresme por el Grupo Creu Groga\"}]},{\"@type\":\"WebSite\",\"@id\":\"https:\\\/\\\/hospitalclinicmaresme.com\\\/es\\\/#website\",\"url\":\"https:\\\/\\\/hospitalclinicmaresme.com\\\/es\\\/\",\"name\":\"Hospital Cl\u00ednic Maresme\",\"description\":\"Just another WordPress site\",\"potentialAction\":[{\"@type\":\"SearchAction\",\"target\":{\"@type\":\"EntryPoint\",\"urlTemplate\":\"https:\\\/\\\/hospitalclinicmaresme.com\\\/es\\\/?s={search_term_string}\"},\"query-input\":{\"@type\":\"PropertyValueSpecification\",\"valueRequired\":true,\"valueName\":\"search_term_string\"}}],\"inLanguage\":\"es\"},{\"@type\":\"Person\",\"@id\":\"https:\\\/\\\/hospitalclinicmaresme.com\\\/es\\\/#\\\/schema\\\/person\\\/450d06a84adfaf5066901fd5df837db5\",\"name\":\"Meritxell Mis\",\"image\":{\"@type\":\"ImageObject\",\"inLanguage\":\"es\",\"@id\":\"https:\\\/\\\/secure.gravatar.com\\\/avatar\\\/83ad96b303785e45cf7dd536eead474a588b8d4edd93bd665c78f4a3ce2b8e87?s=96&d=mm&r=g\",\"url\":\"https:\\\/\\\/secure.gravatar.com\\\/avatar\\\/83ad96b303785e45cf7dd536eead474a588b8d4edd93bd665c78f4a3ce2b8e87?s=96&d=mm&r=g\",\"contentUrl\":\"https:\\\/\\\/secure.gravatar.com\\\/avatar\\\/83ad96b303785e45cf7dd536eead474a588b8d4edd93bd665c78f4a3ce2b8e87?s=96&d=mm&r=g\",\"caption\":\"Meritxell Mis\"},\"url\":\"https:\\\/\\\/hospitalclinicmaresme.com\\\/es\\\/author\\\/h2o\\\/\"}]}<\/script>\n<!-- \/ Yoast SEO plugin. -->","yoast_head_json":{"title":"Primera cirug\u00eda de Osteointegraci\u00f3n realizada en el Maresme por el Grupo Creu Groga - Hospital Cl\u00ednic Maresme","robots":{"index":"index","follow":"follow","max-snippet":"max-snippet:-1","max-image-preview":"max-image-preview:large","max-video-preview":"max-video-preview:-1"},"canonical":"https:\/\/hospitalclinicmaresme.com\/es\/primera-cirugia-de-osteointegracion-realizada-en-el-maresme-por-el-grupo-creu-groga\/","og_locale":"es_ES","og_type":"article","og_title":"Primera cirug\u00eda de Osteointegraci\u00f3n realizada en el Maresme por el Grupo Creu Groga - Hospital Cl\u00ednic Maresme","og_url":"https:\/\/hospitalclinicmaresme.com\/es\/primera-cirugia-de-osteointegracion-realizada-en-el-maresme-por-el-grupo-creu-groga\/","og_site_name":"Hospital Cl\u00ednic Maresme","article_published_time":"2024-02-28T09:08:00+00:00","article_modified_time":"2024-03-01T11:16:32+00:00","og_image":[{"width":2560,"height":1435,"url":"https:\/\/hospitalclinicmaresme.com\/wp-content\/uploads\/2024\/02\/FACANA-HOSPITAL-scaled.jpg","type":"image\/jpeg"}],"author":"Meritxell Mis","twitter_card":"summary_large_image","twitter_misc":{"Escrito por":"Meritxell Mis","Tiempo de lectura":"2 minutos"},"schema":{"@context":"https:\/\/schema.org","@graph":[{"@type":"Article","@id":"https:\/\/hospitalclinicmaresme.com\/es\/primera-cirugia-de-osteointegracion-realizada-en-el-maresme-por-el-grupo-creu-groga\/#article","isPartOf":{"@id":"https:\/\/hospitalclinicmaresme.com\/es\/primera-cirugia-de-osteointegracion-realizada-en-el-maresme-por-el-grupo-creu-groga\/"},"author":{"name":"Meritxell Mis","@id":"https:\/\/hospitalclinicmaresme.com\/es\/#\/schema\/person\/450d06a84adfaf5066901fd5df837db5"},"headline":"Primera cirug\u00eda de Osteointegraci\u00f3n realizada en el Maresme por el Grupo Creu Groga","datePublished":"2024-02-28T09:08:00+00:00","dateModified":"2024-03-01T11:16:32+00:00","mainEntityOfPage":{"@id":"https:\/\/hospitalclinicmaresme.com\/es\/primera-cirugia-de-osteointegracion-realizada-en-el-maresme-por-el-grupo-creu-groga\/"},"wordCount":1101,"commentCount":0,"image":{"@id":"https:\/\/hospitalclinicmaresme.com\/es\/primera-cirugia-de-osteointegracion-realizada-en-el-maresme-por-el-grupo-creu-groga\/#primaryimage"},"thumbnailUrl":"https:\/\/hospitalclinicmaresme.com\/wp-content\/uploads\/2024\/02\/FACANA-HOSPITAL-scaled.jpg","articleSection":["Actualitat"],"inLanguage":"es","potentialAction":[{"@type":"CommentAction","name":"Comment","target":["https:\/\/hospitalclinicmaresme.com\/es\/primera-cirugia-de-osteointegracion-realizada-en-el-maresme-por-el-grupo-creu-groga\/#respond"]}]},{"@type":"WebPage","@id":"https:\/\/hospitalclinicmaresme.com\/es\/primera-cirugia-de-osteointegracion-realizada-en-el-maresme-por-el-grupo-creu-groga\/","url":"https:\/\/hospitalclinicmaresme.com\/es\/primera-cirugia-de-osteointegracion-realizada-en-el-maresme-por-el-grupo-creu-groga\/","name":"Primera cirug\u00eda de Osteointegraci\u00f3n realizada en el Maresme por el Grupo Creu Groga - Hospital Cl\u00ednic Maresme","isPartOf":{"@id":"https:\/\/hospitalclinicmaresme.com\/es\/#website"},"primaryImageOfPage":{"@id":"https:\/\/hospitalclinicmaresme.com\/es\/primera-cirugia-de-osteointegracion-realizada-en-el-maresme-por-el-grupo-creu-groga\/#primaryimage"},"image":{"@id":"https:\/\/hospitalclinicmaresme.com\/es\/primera-cirugia-de-osteointegracion-realizada-en-el-maresme-por-el-grupo-creu-groga\/#primaryimage"},"thumbnailUrl":"https:\/\/hospitalclinicmaresme.com\/wp-content\/uploads\/2024\/02\/FACANA-HOSPITAL-scaled.jpg","datePublished":"2024-02-28T09:08:00+00:00","dateModified":"2024-03-01T11:16:32+00:00","author":{"@id":"https:\/\/hospitalclinicmaresme.com\/es\/#\/schema\/person\/450d06a84adfaf5066901fd5df837db5"},"breadcrumb":{"@id":"https:\/\/hospitalclinicmaresme.com\/es\/primera-cirugia-de-osteointegracion-realizada-en-el-maresme-por-el-grupo-creu-groga\/#breadcrumb"},"inLanguage":"es","potentialAction":[{"@type":"ReadAction","target":["https:\/\/hospitalclinicmaresme.com\/es\/primera-cirugia-de-osteointegracion-realizada-en-el-maresme-por-el-grupo-creu-groga\/"]}]},{"@type":"ImageObject","inLanguage":"es","@id":"https:\/\/hospitalclinicmaresme.com\/es\/primera-cirugia-de-osteointegracion-realizada-en-el-maresme-por-el-grupo-creu-groga\/#primaryimage","url":"https:\/\/hospitalclinicmaresme.com\/wp-content\/uploads\/2024\/02\/FACANA-HOSPITAL-scaled.jpg","contentUrl":"https:\/\/hospitalclinicmaresme.com\/wp-content\/uploads\/2024\/02\/FACANA-HOSPITAL-scaled.jpg","width":2560,"height":1435},{"@type":"BreadcrumbList","@id":"https:\/\/hospitalclinicmaresme.com\/es\/primera-cirugia-de-osteointegracion-realizada-en-el-maresme-por-el-grupo-creu-groga\/#breadcrumb","itemListElement":[{"@type":"ListItem","position":1,"name":"Inici","item":"https:\/\/hospitalclinicmaresme.com\/es\/inicio\/"},{"@type":"ListItem","position":2,"name":"Primera cirug\u00eda de Osteointegraci\u00f3n realizada en el Maresme por el Grupo Creu Groga"}]},{"@type":"WebSite","@id":"https:\/\/hospitalclinicmaresme.com\/es\/#website","url":"https:\/\/hospitalclinicmaresme.com\/es\/","name":"Hospital Cl\u00ednic Maresme","description":"Just another WordPress site","potentialAction":[{"@type":"SearchAction","target":{"@type":"EntryPoint","urlTemplate":"https:\/\/hospitalclinicmaresme.com\/es\/?s={search_term_string}"},"query-input":{"@type":"PropertyValueSpecification","valueRequired":true,"valueName":"search_term_string"}}],"inLanguage":"es"},{"@type":"Person","@id":"https:\/\/hospitalclinicmaresme.com\/es\/#\/schema\/person\/450d06a84adfaf5066901fd5df837db5","name":"Meritxell Mis","image":{"@type":"ImageObject","inLanguage":"es","@id":"https:\/\/secure.gravatar.com\/avatar\/83ad96b303785e45cf7dd536eead474a588b8d4edd93bd665c78f4a3ce2b8e87?s=96&d=mm&r=g","url":"https:\/\/secure.gravatar.com\/avatar\/83ad96b303785e45cf7dd536eead474a588b8d4edd93bd665c78f4a3ce2b8e87?s=96&d=mm&r=g","contentUrl":"https:\/\/secure.gravatar.com\/avatar\/83ad96b303785e45cf7dd536eead474a588b8d4edd93bd665c78f4a3ce2b8e87?s=96&d=mm&r=g","caption":"Meritxell Mis"},"url":"https:\/\/hospitalclinicmaresme.com\/es\/author\/h2o\/"}]}},"_links":{"self":[{"href":"https:\/\/hospitalclinicmaresme.com\/es\/wp-json\/wp\/v2\/posts\/7059","targetHints":{"allow":["GET"]}}],"collection":[{"href":"https:\/\/hospitalclinicmaresme.com\/es\/wp-json\/wp\/v2\/posts"}],"about":[{"href":"https:\/\/hospitalclinicmaresme.com\/es\/wp-json\/wp\/v2\/types\/post"}],"author":[{"embeddable":true,"href":"https:\/\/hospitalclinicmaresme.com\/es\/wp-json\/wp\/v2\/users\/3"}],"replies":[{"embeddable":true,"href":"https:\/\/hospitalclinicmaresme.com\/es\/wp-json\/wp\/v2\/comments?post=7059"}],"version-history":[{"count":0,"href":"https:\/\/hospitalclinicmaresme.com\/es\/wp-json\/wp\/v2\/posts\/7059\/revisions"}],"wp:featuredmedia":[{"embeddable":true,"href":"https:\/\/hospitalclinicmaresme.com\/es\/wp-json\/wp\/v2\/media\/7079"}],"wp:attachment":[{"href":"https:\/\/hospitalclinicmaresme.com\/es\/wp-json\/wp\/v2\/media?parent=7059"}],"wp:term":[{"taxonomy":"category","embeddable":true,"href":"https:\/\/hospitalclinicmaresme.com\/es\/wp-json\/wp\/v2\/categories?post=7059"},{"taxonomy":"post_tag","embeddable":true,"href":"https:\/\/hospitalclinicmaresme.com\/es\/wp-json\/wp\/v2\/tags?post=7059"}],"curies":[{"name":"wp","href":"https:\/\/api.w.org\/{rel}","templated":true}]}}