{"id":2353,"date":"2021-01-18T08:35:36","date_gmt":"2021-01-18T08:35:36","guid":{"rendered":"https:\/\/hospitalclinicmaresme.com\/?p=2353"},"modified":"2021-01-18T08:35:38","modified_gmt":"2021-01-18T08:35:38","slug":"muerte-subita-y-parada-cardio-respiratoria","status":"publish","type":"post","link":"https:\/\/hospitalclinicmaresme.com\/es\/muerte-subita-y-parada-cardio-respiratoria\/","title":{"rendered":"MUERTE S\u00daBITA Y PARADA CARDIO-RESPIRATORIA."},"content":{"rendered":"<div id='av_section_1'  class='avia-section av-54w7b6-e2ffa1e9d7aa0d635b1a6a014df3bde8 main_color avia-section-default avia-no-border-styling  avia-builder-el-0  el_before_av_slideshow_full  avia-builder-el-first  avia-bg-style-scroll container_wrap fullsize'  ><div class='container av-section-cont-open' ><main  role=\"main\" itemprop=\"mainContentOfPage\"  class='template-page content  av-content-full alpha units'><div class='post-entry post-entry-type-page post-entry-2353'><div class='entry-content-wrapper clearfix'>\n\n<style type=\"text\/css\" data-created_by=\"avia_inline_auto\" id=\"style-css-av-3sa5rm-14a99cabcab73c32b01854a6c5a9bdf9\">\n.flex_column.av-3sa5rm-14a99cabcab73c32b01854a6c5a9bdf9{\nborder-radius:0px 0px 0px 0px;\npadding:0px 0px 0px 0px;\n}\n<\/style>\n<div  class='flex_column av-3sa5rm-14a99cabcab73c32b01854a6c5a9bdf9 av_one_full  avia-builder-el-1  avia-builder-el-no-sibling  first flex_column_div av-zero-column-padding  '     ><section  class='av_textblock_section av-kfgl7xuj-2510c9e9d3443f8a687f0448b1abd75a '   itemscope=\"itemscope\" itemtype=\"https:\/\/schema.org\/BlogPosting\" itemprop=\"blogPost\" ><div class='avia_textblock'  itemprop=\"text\" ><h1 style=\"text-align: center;\">MUERTE S\u00daBITA Y PARADA CARDIO-RESPIRATORIA.<\/h1>\n<h3 class=\"p1\" style=\"text-align: center;\"><span class=\"s1\">Dra. Nuria Rivas G<\/span><span class=\"s2\">\u00e1<\/span><span class=\"s1\">dara<br \/>\n<\/span><span class=\"s1\">CARDIOLOG\u00cdA<\/span><\/h3>\n<\/div><\/section><br \/>\n\n<style type=\"text\/css\" data-created_by=\"avia_inline_auto\" id=\"style-css-av-kfglbt6b-6339f8b75411d8cf8e774d7e474ec4a4\">\n#top .hr.hr-invisible.av-kfglbt6b-6339f8b75411d8cf8e774d7e474ec4a4{\nheight:30px;\n}\n<\/style>\n<div  class='hr av-kfglbt6b-6339f8b75411d8cf8e774d7e474ec4a4 hr-invisible  avia-builder-el-3  el_after_av_textblock  el_before_av_textblock '><span class='hr-inner '><span class=\"hr-inner-style\"><\/span><\/span><\/div><br \/>\n<section  class='av_textblock_section av-kfglekw6-a47b6a744b083526f4032851db43a3f6 '   itemscope=\"itemscope\" itemtype=\"https:\/\/schema.org\/BlogPosting\" itemprop=\"blogPost\" ><div class='avia_textblock'  itemprop=\"text\" ><p>La muerte s\u00fabita es la aparici\u00f3n repentina e inesperada de una parada card\u00edaca en una persona que aparentemente se encuentra sana y en buen estado. La causa es una arritmia que se llama fibrilaci\u00f3n ventricular que es un ritmo ca\u00f3tico de los ventr\u00edculos (una parte de coraz\u00f3n) que hace que el coraz\u00f3n no se pueda contraer, dejando de latir. El paciente pierde el conocimiento y deja de respirar (los ojos pueden estar abiertos o cercados) y, si no recibe tratamiento inmediato, la consecuencia es la muerte al cabo de unos minutos. Ante esta situaci\u00f3n lo primero que hay que hacer es llamar al tel\u00e9fono de emergencias 112 y explicar de forma clara que hay una persona en parada card\u00edaca. Adem\u00e1s, se tienen que empezar maniobras de reanimaci\u00f3n cardio-pulmonar. Lo realmente importante es hacer masaje card\u00edaco puesto que se ha demostrado que la respiraci\u00f3n boca-boca no es eficaz. Para hacer masaje card\u00edaco de forma correcta se tienen que utilizar las dos manos, ponerlas en el centro del estern\u00f3n y hacer compresiones hacia abajo (unos 5 cm) con los brazos en extensi\u00f3n a una frecuencia de 100 por minuto. Hay cursos de reanimaci\u00f3n cardiopulmonar dirigidas a no sanitarios en los cuales se ense\u00f1a a realizar masaje card\u00edaco correctamente. Si tenemos a mano un desfibrilador autom\u00e1tico (aparato que administra una descarga el\u00e9ctrica a trav\u00e9s de la pared tor\u00e1cica que es capaz de restablecer el ritmo card\u00edaco normal) podemos utilizarlo siguiendo las instrucciones auditivas que emite. Si no hay desfibrilador disponible es importante continuar con la reanimaci\u00f3n cardiopulmonar.<\/p>\n<p>En aquellas personas con un coraz\u00f3n sano la fibrilaci\u00f3n ventricular es muy rara. La causa m\u00e1s frecuente de esta arritmia en personas de edad superior a los 35 a\u00f1os es el infarto agudo de miocardio. En personas m\u00e1s j\u00f3venes la causa puede ser una enfermedad hereditaria del m\u00fasculo (como la miocardiopat\u00eda hipertr\u00f3fica) o de la actividad el\u00e9ctrica de coraz\u00f3n (canal sufr\u00edas como el s\u00edndrome del Q T largo o el s\u00edndrome de Brugada).<\/p>\n<\/div><\/section><\/p><\/div><\/div><\/div><\/main><!-- close content main element --><\/div><\/div><div id='full_slider_1'  class='avia-fullwidth-slider main_color avia-shadow   avia-builder-el-5  el_after_av_section  avia-builder-el-last   slider-not-first container_wrap fullsize'  ><div  class='avia-slideshow av-kfgnamds-e81c5ba35b136e10f41ddf86be7b71fa avia-slideshow-featured av_slideshow_full avia-slide-slider av-slideshow-ui av-control-default av-slideshow-manual av-loop-once av-loop-manual-endless av-default-height-applied   avia-slideshow-1' data-slideshow-options=\"{&quot;animation&quot;:&quot;slide&quot;,&quot;autoplay&quot;:false,&quot;loop_autoplay&quot;:&quot;once&quot;,&quot;interval&quot;:5,&quot;loop_manual&quot;:&quot;manual-endless&quot;,&quot;autoplay_stopper&quot;:false,&quot;noNavigation&quot;:false,&quot;bg_slider&quot;:false,&quot;keep_padding&quot;:false,&quot;hoverpause&quot;:false,&quot;show_slide_delay&quot;:0}\"  itemprop=\"image\" itemscope=\"itemscope\" itemtype=\"https:\/\/schema.org\/ImageObject\" ><ul class='avia-slideshow-inner ' style='padding-bottom: 28.666666666667%;'><li  class='avia-slideshow-slide av-kfgnamds-e81c5ba35b136e10f41ddf86be7b71fa__0  av-single-slide slide-1 slide-odd'><div data-rel='slideshow-1' class='avia-slide-wrap '   ><img decoding=\"async\" fetchpriority=\"high\" class=\"wp-image-1823 avia-img-lazy-loading-not-1823\"  src=\"https:\/\/hospitalclinicmaresme.com\/wp-content\/uploads\/2020\/09\/ArticleMe\u0300dic-2-HospitalCli\u0301nicMaresme-1500x430.jpg\" width=\"1500\" height=\"430\" title='' alt=''  itemprop=\"thumbnailUrl\"   \/><\/div><\/li><\/ul><\/div><\/div><\/p>\n","protected":false},"excerpt":{"rendered":"","protected":false},"author":3,"featured_media":1832,"comment_status":"open","ping_status":"closed","sticky":false,"template":"","format":"standard","meta":{"footnotes":""},"categories":[36],"tags":[],"class_list":["post-2353","post","type-post","status-publish","format-standard","has-post-thumbnail","hentry","category-articulos-medicos"],"yoast_head":"<!-- This site is optimized with the Yoast SEO plugin v27.5 - https:\/\/yoast.com\/product\/yoast-seo-wordpress\/ -->\n<title>MUERTE S\u00daBITA Y PARADA CARDIO-RESPIRATORIA. - Hospital Cl\u00ednic Maresme<\/title>\n<meta name=\"robots\" content=\"index, follow, max-snippet:-1, max-image-preview:large, max-video-preview:-1\" \/>\n<link rel=\"canonical\" href=\"https:\/\/hospitalclinicmaresme.com\/es\/muerte-subita-y-parada-cardio-respiratoria\/\" \/>\n<meta property=\"og:locale\" content=\"es_ES\" \/>\n<meta property=\"og:type\" content=\"article\" \/>\n<meta property=\"og:title\" content=\"MUERTE S\u00daBITA Y PARADA CARDIO-RESPIRATORIA. - Hospital Cl\u00ednic Maresme\" \/>\n<meta property=\"og:url\" content=\"https:\/\/hospitalclinicmaresme.com\/es\/muerte-subita-y-parada-cardio-respiratoria\/\" \/>\n<meta property=\"og:site_name\" content=\"Hospital Cl\u00ednic Maresme\" \/>\n<meta property=\"article:published_time\" content=\"2021-01-18T08:35:36+00:00\" \/>\n<meta property=\"article:modified_time\" content=\"2021-01-18T08:35:38+00:00\" \/>\n<meta property=\"og:image\" content=\"https:\/\/hospitalclinicmaresme.com\/wp-content\/uploads\/2020\/09\/ArticleMe\u0300dic-2-HospitalCli\u0301nicMaresme-MVL.jpg\" \/>\n\t<meta property=\"og:image:width\" content=\"600\" \/>\n\t<meta property=\"og:image:height\" content=\"500\" \/>\n\t<meta property=\"og:image:type\" content=\"image\/jpeg\" \/>\n<meta name=\"author\" content=\"Meritxell Mis\" \/>\n<meta name=\"twitter:card\" content=\"summary_large_image\" \/>\n<meta name=\"twitter:label1\" content=\"Escrito por\" \/>\n\t<meta name=\"twitter:data1\" content=\"Meritxell Mis\" \/>\n\t<meta name=\"twitter:label2\" content=\"Tiempo de lectura\" \/>\n\t<meta name=\"twitter:data2\" content=\"3 minutos\" \/>\n<script type=\"application\/ld+json\" class=\"yoast-schema-graph\">{\"@context\":\"https:\\\/\\\/schema.org\",\"@graph\":[{\"@type\":\"Article\",\"@id\":\"https:\\\/\\\/hospitalclinicmaresme.com\\\/es\\\/muerte-subita-y-parada-cardio-respiratoria\\\/#article\",\"isPartOf\":{\"@id\":\"https:\\\/\\\/hospitalclinicmaresme.com\\\/es\\\/muerte-subita-y-parada-cardio-respiratoria\\\/\"},\"author\":{\"name\":\"Meritxell Mis\",\"@id\":\"https:\\\/\\\/hospitalclinicmaresme.com\\\/es\\\/#\\\/schema\\\/person\\\/450d06a84adfaf5066901fd5df837db5\"},\"headline\":\"MUERTE S\u00daBITA Y PARADA CARDIO-RESPIRATORIA.\",\"datePublished\":\"2021-01-18T08:35:36+00:00\",\"dateModified\":\"2021-01-18T08:35:38+00:00\",\"mainEntityOfPage\":{\"@id\":\"https:\\\/\\\/hospitalclinicmaresme.com\\\/es\\\/muerte-subita-y-parada-cardio-respiratoria\\\/\"},\"wordCount\":793,\"commentCount\":0,\"image\":{\"@id\":\"https:\\\/\\\/hospitalclinicmaresme.com\\\/es\\\/muerte-subita-y-parada-cardio-respiratoria\\\/#primaryimage\"},\"thumbnailUrl\":\"https:\\\/\\\/hospitalclinicmaresme.com\\\/wp-content\\\/uploads\\\/2020\\\/09\\\/ArticleMe\u0300dic-2-HospitalCli\u0301nicMaresme-MVL.jpg\",\"articleSection\":[\"Art\u00edculos m\u00e9dicos\"],\"inLanguage\":\"es\",\"potentialAction\":[{\"@type\":\"CommentAction\",\"name\":\"Comment\",\"target\":[\"https:\\\/\\\/hospitalclinicmaresme.com\\\/es\\\/muerte-subita-y-parada-cardio-respiratoria\\\/#respond\"]}]},{\"@type\":\"WebPage\",\"@id\":\"https:\\\/\\\/hospitalclinicmaresme.com\\\/es\\\/muerte-subita-y-parada-cardio-respiratoria\\\/\",\"url\":\"https:\\\/\\\/hospitalclinicmaresme.com\\\/es\\\/muerte-subita-y-parada-cardio-respiratoria\\\/\",\"name\":\"MUERTE S\u00daBITA Y PARADA CARDIO-RESPIRATORIA. - Hospital Cl\u00ednic Maresme\",\"isPartOf\":{\"@id\":\"https:\\\/\\\/hospitalclinicmaresme.com\\\/es\\\/#website\"},\"primaryImageOfPage\":{\"@id\":\"https:\\\/\\\/hospitalclinicmaresme.com\\\/es\\\/muerte-subita-y-parada-cardio-respiratoria\\\/#primaryimage\"},\"image\":{\"@id\":\"https:\\\/\\\/hospitalclinicmaresme.com\\\/es\\\/muerte-subita-y-parada-cardio-respiratoria\\\/#primaryimage\"},\"thumbnailUrl\":\"https:\\\/\\\/hospitalclinicmaresme.com\\\/wp-content\\\/uploads\\\/2020\\\/09\\\/ArticleMe\u0300dic-2-HospitalCli\u0301nicMaresme-MVL.jpg\",\"datePublished\":\"2021-01-18T08:35:36+00:00\",\"dateModified\":\"2021-01-18T08:35:38+00:00\",\"author\":{\"@id\":\"https:\\\/\\\/hospitalclinicmaresme.com\\\/es\\\/#\\\/schema\\\/person\\\/450d06a84adfaf5066901fd5df837db5\"},\"breadcrumb\":{\"@id\":\"https:\\\/\\\/hospitalclinicmaresme.com\\\/es\\\/muerte-subita-y-parada-cardio-respiratoria\\\/#breadcrumb\"},\"inLanguage\":\"es\",\"potentialAction\":[{\"@type\":\"ReadAction\",\"target\":[\"https:\\\/\\\/hospitalclinicmaresme.com\\\/es\\\/muerte-subita-y-parada-cardio-respiratoria\\\/\"]}]},{\"@type\":\"ImageObject\",\"inLanguage\":\"es\",\"@id\":\"https:\\\/\\\/hospitalclinicmaresme.com\\\/es\\\/muerte-subita-y-parada-cardio-respiratoria\\\/#primaryimage\",\"url\":\"https:\\\/\\\/hospitalclinicmaresme.com\\\/wp-content\\\/uploads\\\/2020\\\/09\\\/ArticleMe\u0300dic-2-HospitalCli\u0301nicMaresme-MVL.jpg\",\"contentUrl\":\"https:\\\/\\\/hospitalclinicmaresme.com\\\/wp-content\\\/uploads\\\/2020\\\/09\\\/ArticleMe\u0300dic-2-HospitalCli\u0301nicMaresme-MVL.jpg\",\"width\":600,\"height\":500},{\"@type\":\"BreadcrumbList\",\"@id\":\"https:\\\/\\\/hospitalclinicmaresme.com\\\/es\\\/muerte-subita-y-parada-cardio-respiratoria\\\/#breadcrumb\",\"itemListElement\":[{\"@type\":\"ListItem\",\"position\":1,\"name\":\"Inici\",\"item\":\"https:\\\/\\\/hospitalclinicmaresme.com\\\/es\\\/inicio\\\/\"},{\"@type\":\"ListItem\",\"position\":2,\"name\":\"MUERTE S\u00daBITA Y PARADA CARDIO-RESPIRATORIA.\"}]},{\"@type\":\"WebSite\",\"@id\":\"https:\\\/\\\/hospitalclinicmaresme.com\\\/es\\\/#website\",\"url\":\"https:\\\/\\\/hospitalclinicmaresme.com\\\/es\\\/\",\"name\":\"Hospital Cl\u00ednic Maresme\",\"description\":\"Just another WordPress site\",\"potentialAction\":[{\"@type\":\"SearchAction\",\"target\":{\"@type\":\"EntryPoint\",\"urlTemplate\":\"https:\\\/\\\/hospitalclinicmaresme.com\\\/es\\\/?s={search_term_string}\"},\"query-input\":{\"@type\":\"PropertyValueSpecification\",\"valueRequired\":true,\"valueName\":\"search_term_string\"}}],\"inLanguage\":\"es\"},{\"@type\":\"Person\",\"@id\":\"https:\\\/\\\/hospitalclinicmaresme.com\\\/es\\\/#\\\/schema\\\/person\\\/450d06a84adfaf5066901fd5df837db5\",\"name\":\"Meritxell Mis\",\"image\":{\"@type\":\"ImageObject\",\"inLanguage\":\"es\",\"@id\":\"https:\\\/\\\/secure.gravatar.com\\\/avatar\\\/83ad96b303785e45cf7dd536eead474a588b8d4edd93bd665c78f4a3ce2b8e87?s=96&d=mm&r=g\",\"url\":\"https:\\\/\\\/secure.gravatar.com\\\/avatar\\\/83ad96b303785e45cf7dd536eead474a588b8d4edd93bd665c78f4a3ce2b8e87?s=96&d=mm&r=g\",\"contentUrl\":\"https:\\\/\\\/secure.gravatar.com\\\/avatar\\\/83ad96b303785e45cf7dd536eead474a588b8d4edd93bd665c78f4a3ce2b8e87?s=96&d=mm&r=g\",\"caption\":\"Meritxell Mis\"},\"url\":\"https:\\\/\\\/hospitalclinicmaresme.com\\\/es\\\/author\\\/h2o\\\/\"}]}<\/script>\n<!-- \/ Yoast SEO plugin. -->","yoast_head_json":{"title":"MUERTE S\u00daBITA Y PARADA CARDIO-RESPIRATORIA. - Hospital Cl\u00ednic Maresme","robots":{"index":"index","follow":"follow","max-snippet":"max-snippet:-1","max-image-preview":"max-image-preview:large","max-video-preview":"max-video-preview:-1"},"canonical":"https:\/\/hospitalclinicmaresme.com\/es\/muerte-subita-y-parada-cardio-respiratoria\/","og_locale":"es_ES","og_type":"article","og_title":"MUERTE S\u00daBITA Y PARADA CARDIO-RESPIRATORIA. - Hospital Cl\u00ednic Maresme","og_url":"https:\/\/hospitalclinicmaresme.com\/es\/muerte-subita-y-parada-cardio-respiratoria\/","og_site_name":"Hospital Cl\u00ednic Maresme","article_published_time":"2021-01-18T08:35:36+00:00","article_modified_time":"2021-01-18T08:35:38+00:00","og_image":[{"width":600,"height":500,"url":"https:\/\/hospitalclinicmaresme.com\/wp-content\/uploads\/2020\/09\/ArticleMe\u0300dic-2-HospitalCli\u0301nicMaresme-MVL.jpg","type":"image\/jpeg"}],"author":"Meritxell Mis","twitter_card":"summary_large_image","twitter_misc":{"Escrito por":"Meritxell Mis","Tiempo de lectura":"3 minutos"},"schema":{"@context":"https:\/\/schema.org","@graph":[{"@type":"Article","@id":"https:\/\/hospitalclinicmaresme.com\/es\/muerte-subita-y-parada-cardio-respiratoria\/#article","isPartOf":{"@id":"https:\/\/hospitalclinicmaresme.com\/es\/muerte-subita-y-parada-cardio-respiratoria\/"},"author":{"name":"Meritxell Mis","@id":"https:\/\/hospitalclinicmaresme.com\/es\/#\/schema\/person\/450d06a84adfaf5066901fd5df837db5"},"headline":"MUERTE S\u00daBITA Y PARADA CARDIO-RESPIRATORIA.","datePublished":"2021-01-18T08:35:36+00:00","dateModified":"2021-01-18T08:35:38+00:00","mainEntityOfPage":{"@id":"https:\/\/hospitalclinicmaresme.com\/es\/muerte-subita-y-parada-cardio-respiratoria\/"},"wordCount":793,"commentCount":0,"image":{"@id":"https:\/\/hospitalclinicmaresme.com\/es\/muerte-subita-y-parada-cardio-respiratoria\/#primaryimage"},"thumbnailUrl":"https:\/\/hospitalclinicmaresme.com\/wp-content\/uploads\/2020\/09\/ArticleMe\u0300dic-2-HospitalCli\u0301nicMaresme-MVL.jpg","articleSection":["Art\u00edculos m\u00e9dicos"],"inLanguage":"es","potentialAction":[{"@type":"CommentAction","name":"Comment","target":["https:\/\/hospitalclinicmaresme.com\/es\/muerte-subita-y-parada-cardio-respiratoria\/#respond"]}]},{"@type":"WebPage","@id":"https:\/\/hospitalclinicmaresme.com\/es\/muerte-subita-y-parada-cardio-respiratoria\/","url":"https:\/\/hospitalclinicmaresme.com\/es\/muerte-subita-y-parada-cardio-respiratoria\/","name":"MUERTE S\u00daBITA Y PARADA CARDIO-RESPIRATORIA. - Hospital Cl\u00ednic Maresme","isPartOf":{"@id":"https:\/\/hospitalclinicmaresme.com\/es\/#website"},"primaryImageOfPage":{"@id":"https:\/\/hospitalclinicmaresme.com\/es\/muerte-subita-y-parada-cardio-respiratoria\/#primaryimage"},"image":{"@id":"https:\/\/hospitalclinicmaresme.com\/es\/muerte-subita-y-parada-cardio-respiratoria\/#primaryimage"},"thumbnailUrl":"https:\/\/hospitalclinicmaresme.com\/wp-content\/uploads\/2020\/09\/ArticleMe\u0300dic-2-HospitalCli\u0301nicMaresme-MVL.jpg","datePublished":"2021-01-18T08:35:36+00:00","dateModified":"2021-01-18T08:35:38+00:00","author":{"@id":"https:\/\/hospitalclinicmaresme.com\/es\/#\/schema\/person\/450d06a84adfaf5066901fd5df837db5"},"breadcrumb":{"@id":"https:\/\/hospitalclinicmaresme.com\/es\/muerte-subita-y-parada-cardio-respiratoria\/#breadcrumb"},"inLanguage":"es","potentialAction":[{"@type":"ReadAction","target":["https:\/\/hospitalclinicmaresme.com\/es\/muerte-subita-y-parada-cardio-respiratoria\/"]}]},{"@type":"ImageObject","inLanguage":"es","@id":"https:\/\/hospitalclinicmaresme.com\/es\/muerte-subita-y-parada-cardio-respiratoria\/#primaryimage","url":"https:\/\/hospitalclinicmaresme.com\/wp-content\/uploads\/2020\/09\/ArticleMe\u0300dic-2-HospitalCli\u0301nicMaresme-MVL.jpg","contentUrl":"https:\/\/hospitalclinicmaresme.com\/wp-content\/uploads\/2020\/09\/ArticleMe\u0300dic-2-HospitalCli\u0301nicMaresme-MVL.jpg","width":600,"height":500},{"@type":"BreadcrumbList","@id":"https:\/\/hospitalclinicmaresme.com\/es\/muerte-subita-y-parada-cardio-respiratoria\/#breadcrumb","itemListElement":[{"@type":"ListItem","position":1,"name":"Inici","item":"https:\/\/hospitalclinicmaresme.com\/es\/inicio\/"},{"@type":"ListItem","position":2,"name":"MUERTE S\u00daBITA Y PARADA CARDIO-RESPIRATORIA."}]},{"@type":"WebSite","@id":"https:\/\/hospitalclinicmaresme.com\/es\/#website","url":"https:\/\/hospitalclinicmaresme.com\/es\/","name":"Hospital Cl\u00ednic Maresme","description":"Just another WordPress site","potentialAction":[{"@type":"SearchAction","target":{"@type":"EntryPoint","urlTemplate":"https:\/\/hospitalclinicmaresme.com\/es\/?s={search_term_string}"},"query-input":{"@type":"PropertyValueSpecification","valueRequired":true,"valueName":"search_term_string"}}],"inLanguage":"es"},{"@type":"Person","@id":"https:\/\/hospitalclinicmaresme.com\/es\/#\/schema\/person\/450d06a84adfaf5066901fd5df837db5","name":"Meritxell Mis","image":{"@type":"ImageObject","inLanguage":"es","@id":"https:\/\/secure.gravatar.com\/avatar\/83ad96b303785e45cf7dd536eead474a588b8d4edd93bd665c78f4a3ce2b8e87?s=96&d=mm&r=g","url":"https:\/\/secure.gravatar.com\/avatar\/83ad96b303785e45cf7dd536eead474a588b8d4edd93bd665c78f4a3ce2b8e87?s=96&d=mm&r=g","contentUrl":"https:\/\/secure.gravatar.com\/avatar\/83ad96b303785e45cf7dd536eead474a588b8d4edd93bd665c78f4a3ce2b8e87?s=96&d=mm&r=g","caption":"Meritxell Mis"},"url":"https:\/\/hospitalclinicmaresme.com\/es\/author\/h2o\/"}]}},"_links":{"self":[{"href":"https:\/\/hospitalclinicmaresme.com\/es\/wp-json\/wp\/v2\/posts\/2353","targetHints":{"allow":["GET"]}}],"collection":[{"href":"https:\/\/hospitalclinicmaresme.com\/es\/wp-json\/wp\/v2\/posts"}],"about":[{"href":"https:\/\/hospitalclinicmaresme.com\/es\/wp-json\/wp\/v2\/types\/post"}],"author":[{"embeddable":true,"href":"https:\/\/hospitalclinicmaresme.com\/es\/wp-json\/wp\/v2\/users\/3"}],"replies":[{"embeddable":true,"href":"https:\/\/hospitalclinicmaresme.com\/es\/wp-json\/wp\/v2\/comments?post=2353"}],"version-history":[{"count":0,"href":"https:\/\/hospitalclinicmaresme.com\/es\/wp-json\/wp\/v2\/posts\/2353\/revisions"}],"wp:featuredmedia":[{"embeddable":true,"href":"https:\/\/hospitalclinicmaresme.com\/es\/wp-json\/wp\/v2\/media\/1832"}],"wp:attachment":[{"href":"https:\/\/hospitalclinicmaresme.com\/es\/wp-json\/wp\/v2\/media?parent=2353"}],"wp:term":[{"taxonomy":"category","embeddable":true,"href":"https:\/\/hospitalclinicmaresme.com\/es\/wp-json\/wp\/v2\/categories?post=2353"},{"taxonomy":"post_tag","embeddable":true,"href":"https:\/\/hospitalclinicmaresme.com\/es\/wp-json\/wp\/v2\/tags?post=2353"}],"curies":[{"name":"wp","href":"https:\/\/api.w.org\/{rel}","templated":true}]}}